{"id":87341,"date":"2025-05-15T17:14:15","date_gmt":"2025-05-15T17:14:15","guid":{"rendered":"https:\/\/balagueraabogados.com\/?page_id=87341"},"modified":"2025-05-27T00:59:01","modified_gmt":"2025-05-27T00:59:01","slug":"indemnizaciones-preestablecidas","status":"publish","type":"post","link":"https:\/\/balagueraabogados.com\/index.php\/2025\/05\/15\/indemnizaciones-preestablecidas\/","title":{"rendered":"Indemnizaciones preestablecidas."},"content":{"rendered":"\t\t<div data-elementor-type=\"wp-page\" data-elementor-id=\"87341\" class=\"elementor elementor-87341\">\n\t\t\t\t<div class=\"elementor-element elementor-element-6985826 e-flex e-con-boxed wpr-particle-no wpr-jarallax-no wpr-parallax-no wpr-sticky-section-no e-con e-parent\" data-id=\"6985826\" data-element_type=\"container\">\n\t\t\t\t\t<div class=\"e-con-inner\">\n\t\t\t\t<div class=\"elementor-element elementor-element-af12fed elementor-widget elementor-widget-heading\" data-id=\"af12fed\" data-element_type=\"widget\" data-widget_type=\"heading.default\">\n\t\t\t\t<div class=\"elementor-widget-container\">\n\t\t\t\t\t<h2 class=\"elementor-heading-title elementor-size-default\">Indemnizaciones preestablecidas.<\/h2>\t\t\t\t<\/div>\n\t\t\t\t<\/div>\n\t\t\t\t\t<\/div>\n\t\t\t\t<\/div>\n\t\t<div class=\"elementor-element elementor-element-19ed27b e-flex e-con-boxed wpr-particle-no wpr-jarallax-no wpr-parallax-no wpr-sticky-section-no e-con e-parent\" data-id=\"19ed27b\" data-element_type=\"container\">\n\t\t\t\t\t<div class=\"e-con-inner\">\n\t\t\t\t<div class=\"elementor-element elementor-element-68e29f7 elementor-widget elementor-widget-text-editor\" data-id=\"68e29f7\" data-element_type=\"widget\" data-widget_type=\"text-editor.default\">\n\t\t\t\t<div class=\"elementor-widget-container\">\n\t\t\t\t\t\t\t\t\t<p><span style=\"font-weight: 400;\">Es un sistema alterno a las reglas generales sobre prueba de la indemnizaci\u00f3n de perjuicios, seg\u00fan el Decreto reglamentario este sistema aplica para infracciones marcarias. En el sistema de indemnizaciones preestablecidas no se tiene que probar la cuant\u00eda de los da\u00f1os y perjuicios, por ende el demandante no tiene la carga de estimar la cuant\u00eda del da\u00f1o cuya indemnizaci\u00f3n se persigue. No obstante, el demandante s\u00ed tendr\u00e1 que precisar el concepto del da\u00f1o del cual se espera indemnizaci\u00f3n. A modo de ejemplo la <\/span><b>SUPERINTENDENCIA DE INDUSTRIA Y COMERCIO<\/b><span style=\"font-weight: 400;\"> nombra que el da\u00f1o podr\u00eda consistir en una disminuci\u00f3n de ingresos por la venta de un producto o servicio, la disminuci\u00f3n del valor de la marca, la disminuci\u00f3n en el valor distintivo del signo etc\u2026\u00a0\u00a0<\/span><\/p><p><span style=\"font-weight: 400;\">De lo anterior surge la pregunta<\/span><b> \u00bfsobre qui\u00e9n recae la carga de estimar la cuant\u00eda de la indemnizaci\u00f3n que se pretende?\u00a0<\/b><\/p><p><span style=\"font-weight: 400;\">La tasaci\u00f3n de de los perjuicios ser\u00e1 determinada por el <\/span><b>Juez<\/b><span style=\"font-weight: 400;\"> dirimente, en el Decreto 2264 establece que la indemnizaci\u00f3n ser\u00e1 equivalente a un <\/span><b>m\u00ednimo<\/b><span style=\"font-weight: 400;\"> de tres (03) salarios m\u00ednimos legales mensuales vigentes y hasta un <\/span><b>m\u00e1ximo<\/b><span style=\"font-weight: 400;\"> de cien (100) salarios m\u00ednimos legales mensuales vigentes <\/span><b>por cada marca infringida.<\/b><span style=\"font-weight: 400;\">\u00a0 La suma se podr\u00e1 incrementar hasta los doscientos (200) salarios m\u00ednimos legales mensuales vigentes cuando la marca infringida haya sido declarada como <\/span><b>notoria<\/b><span style=\"font-weight: 400;\"> por el Juez, se demuestre la <\/span><b>mala fe <\/b><span style=\"font-weight: 400;\">del infractor, <\/span><b>se ponga en peligro la vida o la salud<\/b><span style=\"font-weight: 400;\"> de las personas y\/o se identifique la <\/span><b>reincidencia<\/b><span style=\"font-weight: 400;\"> de la infracci\u00f3n respecto de la marca.\u00a0<\/span><\/p><p><b>\u00bfQu\u00e9 criterios tiene en cuenta el Juez para establecer el monto de la indemnizaci\u00f3n?\u00a0<\/b><\/p><p><span style=\"font-weight: 400;\">El Juez evaluar\u00e1 cada caso y determinar\u00e1 la cuant\u00eda. La evaluaci\u00f3n corresponder\u00e1 a <\/span><b>(i)<\/b><span style=\"font-weight: 400;\"> las pruebas que obren en el proceso.<\/span><b> (ii)<\/b><span style=\"font-weight: 400;\"> la duraci\u00f3n de la infracci\u00f3n. <\/span><b>(iii) <\/b><span style=\"font-weight: 400;\">la amplitud de la infracci\u00f3n. <\/span><b>(iv)<\/b><span style=\"font-weight: 400;\"> la cantidad de productos infractores. <\/span><b>(v)<\/b><span style=\"font-weight: 400;\"> la extensi\u00f3n geogr\u00e1fica. Sin perjuicio de que se puedan tener en cuenta otros factores.<\/span><\/p>\t\t\t\t\t\t\t\t<\/div>\n\t\t\t\t<\/div>\n\t\t\t\t\t<\/div>\n\t\t\t\t<\/div>\n\t\t\t\t<\/div>\n\t\t","protected":false},"excerpt":{"rendered":"<p>Indemnizaciones preestablecidas. Es un sistema alterno a las reglas generales sobre prueba de la indemnizaci\u00f3n de perjuicios, seg\u00fan el Decreto reglamentario este sistema aplica para infracciones marcarias. En el sistema de indemnizaciones preestablecidas no se tiene que probar la cuant\u00eda de los da\u00f1os y perjuicios, por ende el demandante no tiene la carga de estimar la cuant\u00eda del da\u00f1o cuya indemnizaci\u00f3n se persigue. No obstante, el demandante s\u00ed tendr\u00e1 que precisar el concepto del da\u00f1o del cual se espera indemnizaci\u00f3n. A modo de ejemplo la SUPERINTENDENCIA DE INDUSTRIA Y COMERCIO nombra que el da\u00f1o podr\u00eda consistir en una disminuci\u00f3n de ingresos por la venta de un producto o servicio, la disminuci\u00f3n del valor de la marca, la disminuci\u00f3n en el valor distintivo del signo etc\u2026\u00a0\u00a0 De lo anterior surge la pregunta \u00bfsobre qui\u00e9n recae la carga de estimar la cuant\u00eda de la indemnizaci\u00f3n que se pretende?\u00a0 La tasaci\u00f3n de de los perjuicios ser\u00e1 determinada por el Juez dirimente, en el Decreto 2264 establece que la indemnizaci\u00f3n ser\u00e1 equivalente a un m\u00ednimo de tres (03) salarios m\u00ednimos legales mensuales vigentes y hasta un m\u00e1ximo de cien (100) salarios m\u00ednimos legales mensuales vigentes por cada marca infringida.\u00a0 La suma se podr\u00e1 incrementar hasta los doscientos (200) salarios m\u00ednimos legales mensuales vigentes cuando la marca infringida haya sido declarada como notoria por el Juez, se demuestre la mala fe del infractor, se ponga en peligro la vida o la salud de las personas y\/o se identifique la reincidencia de la infracci\u00f3n respecto de la marca.\u00a0 \u00bfQu\u00e9 criterios tiene en cuenta el Juez para establecer el monto de la indemnizaci\u00f3n?\u00a0 El Juez evaluar\u00e1 cada caso y determinar\u00e1 la cuant\u00eda. La evaluaci\u00f3n corresponder\u00e1 a (i) las pruebas que obren en el proceso. (ii) la duraci\u00f3n de la infracci\u00f3n. (iii) la amplitud de la infracci\u00f3n. (iv) la cantidad de productos infractores. (v) la extensi\u00f3n geogr\u00e1fica. Sin perjuicio de que se puedan tener en cuenta otros factores.<\/p>\n","protected":false},"author":1,"featured_media":87742,"comment_status":"closed","ping_status":"closed","sticky":false,"template":"elementor_header_footer","format":"standard","meta":{"content-type":"","om_disable_all_campaigns":false,"_monsterinsights_skip_tracking":false,"_monsterinsights_sitenote_active":false,"_monsterinsights_sitenote_note":"","_monsterinsights_sitenote_category":0,"_uf_show_specific_survey":0,"_uf_disable_surveys":false,"site-sidebar-layout":"no-sidebar","site-content-layout":"page-builder","ast-site-content-layout":"default","site-content-style":"default","site-sidebar-style":"default","ast-global-header-display":"","ast-banner-title-visibility":"","ast-main-header-display":"","ast-hfb-above-header-display":"","ast-hfb-below-header-display":"","ast-hfb-mobile-header-display":"","site-post-title":"disabled","ast-breadcrumbs-content":"","ast-featured-img":"disabled","footer-sml-layout":"","theme-transparent-header-meta":"","adv-header-id-meta":"","stick-header-meta":"","header-above-stick-meta":"","header-main-stick-meta":"","header-below-stick-meta":"","astra-migrate-meta-layouts":"set","footnotes":""},"categories":[29],"tags":[],"class_list":["post-87341","post","type-post","status-publish","format-standard","has-post-thumbnail","hentry","category-articulos"],"aioseo_notices":[],"rttpg_featured_image_url":{"full":["https:\/\/balagueraabogados.com\/wp-content\/uploads\/2025\/05\/gente-de-negocios-dandose-la-mano-terminando-la-reunion-scaled.jpg",2560,1709,false],"landscape":["https:\/\/balagueraabogados.com\/wp-content\/uploads\/2025\/05\/gente-de-negocios-dandose-la-mano-terminando-la-reunion-scaled.jpg",2560,1709,false],"portraits":["https:\/\/balagueraabogados.com\/wp-content\/uploads\/2025\/05\/gente-de-negocios-dandose-la-mano-terminando-la-reunion-scaled.jpg",2560,1709,false],"thumbnail":["https:\/\/balagueraabogados.com\/wp-content\/uploads\/2025\/05\/gente-de-negocios-dandose-la-mano-terminando-la-reunion-150x150.jpg",150,150,true],"medium":["https:\/\/balagueraabogados.com\/wp-content\/uploads\/2025\/05\/gente-de-negocios-dandose-la-mano-terminando-la-reunion-300x200.jpg",300,200,true],"large":["https:\/\/balagueraabogados.com\/wp-content\/uploads\/2025\/05\/gente-de-negocios-dandose-la-mano-terminando-la-reunion-1024x683.jpg",1024,683,true],"1536x1536":["https:\/\/balagueraabogados.com\/wp-content\/uploads\/2025\/05\/gente-de-negocios-dandose-la-mano-terminando-la-reunion-1536x1025.jpg",1536,1025,true],"2048x2048":["https:\/\/balagueraabogados.com\/wp-content\/uploads\/2025\/05\/gente-de-negocios-dandose-la-mano-terminando-la-reunion-2048x1367.jpg",2048,1367,true],"woocommerce_thumbnail":["https:\/\/balagueraabogados.com\/wp-content\/uploads\/2025\/05\/gente-de-negocios-dandose-la-mano-terminando-la-reunion-300x300.jpg",300,300,true],"woocommerce_single":["https:\/\/balagueraabogados.com\/wp-content\/uploads\/2025\/05\/gente-de-negocios-dandose-la-mano-terminando-la-reunion-600x400.jpg",600,400,true],"woocommerce_gallery_thumbnail":["https:\/\/balagueraabogados.com\/wp-content\/uploads\/2025\/05\/gente-de-negocios-dandose-la-mano-terminando-la-reunion-100x100.jpg",100,100,true]},"rttpg_author":{"display_name":"edgar.balaguera","author_link":"https:\/\/balagueraabogados.com\/index.php\/author\/edgar-balaguera\/"},"rttpg_comment":0,"rttpg_category":"<a href=\"https:\/\/balagueraabogados.com\/index.php\/category\/articulos\/\" rel=\"category tag\">articulos<\/a>","rttpg_excerpt":"Indemnizaciones preestablecidas. Es un sistema alterno a las reglas generales sobre prueba de la indemnizaci\u00f3n de perjuicios, seg\u00fan el Decreto reglamentario este sistema aplica para infracciones marcarias. En el sistema de indemnizaciones preestablecidas no se tiene que probar la cuant\u00eda de los da\u00f1os y perjuicios, por ende el demandante no tiene la carga de estimar&hellip;","_links":{"self":[{"href":"https:\/\/balagueraabogados.com\/index.php\/wp-json\/wp\/v2\/posts\/87341","targetHints":{"allow":["GET"]}}],"collection":[{"href":"https:\/\/balagueraabogados.com\/index.php\/wp-json\/wp\/v2\/posts"}],"about":[{"href":"https:\/\/balagueraabogados.com\/index.php\/wp-json\/wp\/v2\/types\/post"}],"author":[{"embeddable":true,"href":"https:\/\/balagueraabogados.com\/index.php\/wp-json\/wp\/v2\/users\/1"}],"replies":[{"embeddable":true,"href":"https:\/\/balagueraabogados.com\/index.php\/wp-json\/wp\/v2\/comments?post=87341"}],"version-history":[{"count":7,"href":"https:\/\/balagueraabogados.com\/index.php\/wp-json\/wp\/v2\/posts\/87341\/revisions"}],"predecessor-version":[{"id":89179,"href":"https:\/\/balagueraabogados.com\/index.php\/wp-json\/wp\/v2\/posts\/87341\/revisions\/89179"}],"wp:featuredmedia":[{"embeddable":true,"href":"https:\/\/balagueraabogados.com\/index.php\/wp-json\/wp\/v2\/media\/87742"}],"wp:attachment":[{"href":"https:\/\/balagueraabogados.com\/index.php\/wp-json\/wp\/v2\/media?parent=87341"}],"wp:term":[{"taxonomy":"category","embeddable":true,"href":"https:\/\/balagueraabogados.com\/index.php\/wp-json\/wp\/v2\/categories?post=87341"},{"taxonomy":"post_tag","embeddable":true,"href":"https:\/\/balagueraabogados.com\/index.php\/wp-json\/wp\/v2\/tags?post=87341"}],"curies":[{"name":"wp","href":"https:\/\/api.w.org\/{rel}","templated":true}]}}