{"id":87346,"date":"2025-05-15T17:17:29","date_gmt":"2025-05-15T17:17:29","guid":{"rendered":"https:\/\/balagueraabogados.com\/?page_id=87346"},"modified":"2025-05-27T01:05:45","modified_gmt":"2025-05-27T01:05:45","slug":"de-que-forma-la-legislacion-actual-en-colombia-permite-el-desarrollo-de-modelos-economicos-basados-en-la-gestion-del-conocimiento","status":"publish","type":"post","link":"https:\/\/balagueraabogados.com\/index.php\/2025\/05\/15\/de-que-forma-la-legislacion-actual-en-colombia-permite-el-desarrollo-de-modelos-economicos-basados-en-la-gestion-del-conocimiento\/","title":{"rendered":"\u00bfDe qu\u00e9 forma la legislaci\u00f3n actual en Colombia, permite el desarrollo de modelos econ\u00f3micos basados en la gesti\u00f3n del conocimiento?"},"content":{"rendered":"\t\t<div data-elementor-type=\"wp-page\" data-elementor-id=\"87346\" class=\"elementor elementor-87346\">\n\t\t\t\t<div class=\"elementor-element elementor-element-5932188 e-flex e-con-boxed wpr-particle-no wpr-jarallax-no wpr-parallax-no wpr-sticky-section-no e-con e-parent\" data-id=\"5932188\" data-element_type=\"container\">\n\t\t\t\t\t<div class=\"e-con-inner\">\n\t\t\t\t<div class=\"elementor-element elementor-element-41a5af2 elementor-widget elementor-widget-heading\" data-id=\"41a5af2\" data-element_type=\"widget\" data-widget_type=\"heading.default\">\n\t\t\t\t<div class=\"elementor-widget-container\">\n\t\t\t\t\t<h2 class=\"elementor-heading-title elementor-size-default\">\u00bfDe qu\u00e9 forma la legislaci\u00f3n actual en Colombia, permite el desarrollo de modelos econ\u00f3micos basados en la gesti\u00f3n del conocimiento?<\/h2>\t\t\t\t<\/div>\n\t\t\t\t<\/div>\n\t\t\t\t\t<\/div>\n\t\t\t\t<\/div>\n\t\t<div class=\"elementor-element elementor-element-9455cb1 e-flex e-con-boxed wpr-particle-no wpr-jarallax-no wpr-parallax-no wpr-sticky-section-no e-con e-parent\" data-id=\"9455cb1\" data-element_type=\"container\">\n\t\t\t\t\t<div class=\"e-con-inner\">\n\t\t\t\t<div class=\"elementor-element elementor-element-58c1b79 elementor-widget elementor-widget-text-editor\" data-id=\"58c1b79\" data-element_type=\"widget\" data-widget_type=\"text-editor.default\">\n\t\t\t\t<div class=\"elementor-widget-container\">\n\t\t\t\t\t\t\t\t\t<p><span style=\"font-weight: 400;\">Actualmente la ciencia, tecnolog\u00eda e innovaci\u00f3n son factores necesarios y fundamentales para el crecimiento y desarrollo econ\u00f3mico en un pa\u00eds. Incluso, estos factores son determinantes para la participaci\u00f3n y competitividad en el mercado mundial.\u00a0<\/span><\/p><p><span style=\"font-weight: 400;\">Con base en lo anterior, los pa\u00edses se han visto en la necesidad de promulgar leyes e implementar en la legislaci\u00f3n instrumentos que tengan la capacidad de proteger los derechos morales y patrimoniales de\u00a0 los creadores de productos y\/o procesos que surjan de la investigaci\u00f3n tecnol\u00f3gica y cient\u00edfica, as\u00ed como de la creatividad e innovaci\u00f3n. De la misma manera por medio de esta normatividad se incentiva la creatividad humana y desarrollo de proyectos resultantes del intelecto humano.\u00a0<\/span><\/p><p><span style=\"font-weight: 400;\">Colombia no ha sido la excepci\u00f3n, y es por ello que desde el primero de diciembre del a\u00f1o 2000, tenemos a nuestra disposici\u00f3n el instrumento internacional \u201cDecisi\u00f3n 486 del 2000\u201d. Este instrumento brinda lineamientos para la protecci\u00f3n de la propiedad intelectual para los pa\u00edses miembros de la Comunidad Andina. La decisi\u00f3n 486 cobra relevancia gracias a la capacidad de adaptaci\u00f3n a las legislaciones internas reguladoras del tema\u00a0 de cada pa\u00eds y a los dem\u00e1s instrumentos internacionales tratantes de la propiedad intelectual, entre otras caracter\u00edsticas que hacen de la decisi\u00f3n 486 un instrumento eficaz y pr\u00e1ctico.\u00a0\u00a0<\/span><\/p><p><span style=\"font-weight: 400;\">De igual manera, con el objeto de reforzar la normatividad para la protecci\u00f3n de la propiedad industrial, en el a\u00f1o 2001 Colombia adhiri\u00f3 el Tratado de Cooperaci\u00f3n de Patentes, en el a\u00f1o 2012 al Protocolo de Madrid para el Registro Internacional de Marcas y al Tratado sobre el Derecho de Marcas. Brindando de esta manera m\u00e1s herramientas para avanzar en esta materia.\u00a0<\/span><\/p><p><span style=\"font-weight: 400;\">Por otro lado, quienes crean obras art\u00edsticas y literarias tambi\u00e9n tienen a su disposici\u00f3n instrumentos jur\u00eddicos los cuales ofrecen protecci\u00f3n para el producto que haya surgido de su esfuerzo y conocimiento.\u00a0<\/span><\/p><p><span style=\"font-weight: 400;\">De esta manera se trae a colaci\u00f3n la Decisi\u00f3n 351 de 1993 que trata sobre los derechos de autor y derechos conexos. Siendo este instrumento jur\u00eddico un pilar esencial en nuestra legislaci\u00f3n para esclarecer sobre el alcance, limitaciones y excepciones acerca de los derechos inherentes a los autores de obras objeto de protecci\u00f3n. Inclusive, a trav\u00e9s de esta Decisi\u00f3n no solo se protegen los derechos de quienes son autores de obras art\u00edsticas y literarias, sino que se tiene en cuenta otros participantes en la gesti\u00f3n de obras, se\u00f1alando de esta manera los derechos conexos.\u00a0<\/span><\/p><p><span style=\"font-weight: 400;\">Tal como sucede en la propiedad industrial, para los derechos de autor, la normatividad colombiana dispone de otros instrumentos que aportan y llenan vac\u00edos jur\u00eddicos que puedan llegar a surgir. As\u00ed, la Ley 1915 del 12 de julio de 2018 p<\/span><span style=\"font-weight: 400;\">or la cual se modifica la Ley 23 de 1982 y se establecen otras disposiciones en materia de derechos de autor y derechos conexos, trata temas como soluci\u00f3n jur\u00eddica al surgimiento de nuevos contextos donde se pueden explotar los derechos de autor debido a los avances tecnol\u00f3gicos.\u00a0\u00a0<\/span><\/p><p><span style=\"font-weight: 400;\">As\u00ed mismo, en busca de la protecci\u00f3n del ingenio y talento humano, se ha logrado dar la amplitud necesaria de protecci\u00f3n a trav\u00e9s de la adhesi\u00f3n a otros instrumentos tales como el Convenio de Berna para la protecci\u00f3n de obras literarias y art\u00edsticas y al tratado de la OMPI sobre derecho de autor. A\u00fan m\u00e1s espec\u00edfico, nuestro sistema normativo ha tratado de cubrir todos los espacios posibles donde sea susceptible la transgresi\u00f3n de los derechos de autor, por ello surge la Circular n\u00famero 06 de 2002 sobre derechos de autor en el \u00e1mbito universitario, en donde se recalca la necesidad del instrumento por el papel que cumplen las instituciones de educaci\u00f3n superior como n\u00facleo principal del desarrollo cultural y cient\u00edfico del pa\u00eds.\u00a0\u00a0<\/span><\/p>\t\t\t\t\t\t\t\t<\/div>\n\t\t\t\t<\/div>\n\t\t\t\t\t<\/div>\n\t\t\t\t<\/div>\n\t\t\t\t<\/div>\n\t\t","protected":false},"excerpt":{"rendered":"<p>\u00bfDe qu\u00e9 forma la legislaci\u00f3n actual en Colombia, permite el desarrollo de modelos econ\u00f3micos basados en la gesti\u00f3n del conocimiento? Actualmente la ciencia, tecnolog\u00eda e innovaci\u00f3n son factores necesarios y fundamentales para el crecimiento y desarrollo econ\u00f3mico en un pa\u00eds. Incluso, estos factores son determinantes para la participaci\u00f3n y competitividad en el mercado mundial.\u00a0 Con base en lo anterior, los pa\u00edses se han visto en la necesidad de promulgar leyes e implementar en la legislaci\u00f3n instrumentos que tengan la capacidad de proteger los derechos morales y patrimoniales de\u00a0 los creadores de productos y\/o procesos que surjan de la investigaci\u00f3n tecnol\u00f3gica y cient\u00edfica, as\u00ed como de la creatividad e innovaci\u00f3n. De la misma manera por medio de esta normatividad se incentiva la creatividad humana y desarrollo de proyectos resultantes del intelecto humano.\u00a0 Colombia no ha sido la excepci\u00f3n, y es por ello que desde el primero de diciembre del a\u00f1o 2000, tenemos a nuestra disposici\u00f3n el instrumento internacional \u201cDecisi\u00f3n 486 del 2000\u201d. Este instrumento brinda lineamientos para la protecci\u00f3n de la propiedad intelectual para los pa\u00edses miembros de la Comunidad Andina. La decisi\u00f3n 486 cobra relevancia gracias a la capacidad de adaptaci\u00f3n a las legislaciones internas reguladoras del tema\u00a0 de cada pa\u00eds y a los dem\u00e1s instrumentos internacionales tratantes de la propiedad intelectual, entre otras caracter\u00edsticas que hacen de la decisi\u00f3n 486 un instrumento eficaz y pr\u00e1ctico.\u00a0\u00a0 De igual manera, con el objeto de reforzar la normatividad para la protecci\u00f3n de la propiedad industrial, en el a\u00f1o 2001 Colombia adhiri\u00f3 el Tratado de Cooperaci\u00f3n de Patentes, en el a\u00f1o 2012 al Protocolo de Madrid para el Registro Internacional de Marcas y al Tratado sobre el Derecho de Marcas. Brindando de esta manera m\u00e1s herramientas para avanzar en esta materia.\u00a0 Por otro lado, quienes crean obras art\u00edsticas y literarias tambi\u00e9n tienen a su disposici\u00f3n instrumentos jur\u00eddicos los cuales ofrecen protecci\u00f3n para el producto que haya surgido de su esfuerzo y conocimiento.\u00a0 De esta manera se trae a colaci\u00f3n la Decisi\u00f3n 351 de 1993 que trata sobre los derechos de autor y derechos conexos. Siendo este instrumento jur\u00eddico un pilar esencial en nuestra legislaci\u00f3n para esclarecer sobre el alcance, limitaciones y excepciones acerca de los derechos inherentes a los autores de obras objeto de protecci\u00f3n. Inclusive, a trav\u00e9s de esta Decisi\u00f3n no solo se protegen los derechos de quienes son autores de obras art\u00edsticas y literarias, sino que se tiene en cuenta otros participantes en la gesti\u00f3n de obras, se\u00f1alando de esta manera los derechos conexos.\u00a0 Tal como sucede en la propiedad industrial, para los derechos de autor, la normatividad colombiana dispone de otros instrumentos que aportan y llenan vac\u00edos jur\u00eddicos que puedan llegar a surgir. As\u00ed, la Ley 1915 del 12 de julio de 2018 por la cual se modifica la Ley 23 de 1982 y se establecen otras disposiciones en materia de derechos de autor y derechos conexos, trata temas como soluci\u00f3n jur\u00eddica al surgimiento de nuevos contextos donde se pueden explotar los derechos de autor debido a los avances tecnol\u00f3gicos.\u00a0\u00a0 As\u00ed mismo, en busca de la protecci\u00f3n del ingenio y talento humano, se ha logrado dar la amplitud necesaria de protecci\u00f3n a trav\u00e9s de la adhesi\u00f3n a otros instrumentos tales como el Convenio de Berna para la protecci\u00f3n de obras literarias y art\u00edsticas y al tratado de la OMPI sobre derecho de autor. A\u00fan m\u00e1s espec\u00edfico, nuestro sistema normativo ha tratado de cubrir todos los espacios posibles donde sea susceptible la transgresi\u00f3n de los derechos de autor, por ello surge la Circular n\u00famero 06 de 2002 sobre derechos de autor en el \u00e1mbito universitario, en donde se recalca la necesidad del instrumento por el papel que cumplen las instituciones de educaci\u00f3n superior como n\u00facleo principal del desarrollo cultural y cient\u00edfico del pa\u00eds.\u00a0\u00a0<\/p>\n","protected":false},"author":1,"featured_media":87741,"comment_status":"closed","ping_status":"closed","sticky":false,"template":"elementor_header_footer","format":"standard","meta":{"content-type":"","om_disable_all_campaigns":false,"_monsterinsights_skip_tracking":false,"_monsterinsights_sitenote_active":false,"_monsterinsights_sitenote_note":"","_monsterinsights_sitenote_category":0,"_uf_show_specific_survey":0,"_uf_disable_surveys":false,"site-sidebar-layout":"no-sidebar","site-content-layout":"page-builder","ast-site-content-layout":"default","site-content-style":"default","site-sidebar-style":"default","ast-global-header-display":"","ast-banner-title-visibility":"","ast-main-header-display":"","ast-hfb-above-header-display":"","ast-hfb-below-header-display":"","ast-hfb-mobile-header-display":"","site-post-title":"disabled","ast-breadcrumbs-content":"","ast-featured-img":"disabled","footer-sml-layout":"","theme-transparent-header-meta":"","adv-header-id-meta":"","stick-header-meta":"","header-above-stick-meta":"","header-main-stick-meta":"","header-below-stick-meta":"","astra-migrate-meta-layouts":"set","footnotes":""},"categories":[29],"tags":[],"class_list":["post-87346","post","type-post","status-publish","format-standard","has-post-thumbnail","hentry","category-articulos"],"aioseo_notices":[],"rttpg_featured_image_url":{"full":["https:\/\/balagueraabogados.com\/wp-content\/uploads\/2025\/05\/vista-recortada-del-documento-de-lectura-de-mujeres-empresarias-scaled.jpg",2560,1707,false],"landscape":["https:\/\/balagueraabogados.com\/wp-content\/uploads\/2025\/05\/vista-recortada-del-documento-de-lectura-de-mujeres-empresarias-scaled.jpg",2560,1707,false],"portraits":["https:\/\/balagueraabogados.com\/wp-content\/uploads\/2025\/05\/vista-recortada-del-documento-de-lectura-de-mujeres-empresarias-scaled.jpg",2560,1707,false],"thumbnail":["https:\/\/balagueraabogados.com\/wp-content\/uploads\/2025\/05\/vista-recortada-del-documento-de-lectura-de-mujeres-empresarias-150x150.jpg",150,150,true],"medium":["https:\/\/balagueraabogados.com\/wp-content\/uploads\/2025\/05\/vista-recortada-del-documento-de-lectura-de-mujeres-empresarias-300x200.jpg",300,200,true],"large":["https:\/\/balagueraabogados.com\/wp-content\/uploads\/2025\/05\/vista-recortada-del-documento-de-lectura-de-mujeres-empresarias-1024x683.jpg",1024,683,true],"1536x1536":["https:\/\/balagueraabogados.com\/wp-content\/uploads\/2025\/05\/vista-recortada-del-documento-de-lectura-de-mujeres-empresarias-1536x1024.jpg",1536,1024,true],"2048x2048":["https:\/\/balagueraabogados.com\/wp-content\/uploads\/2025\/05\/vista-recortada-del-documento-de-lectura-de-mujeres-empresarias-2048x1365.jpg",2048,1365,true],"woocommerce_thumbnail":["https:\/\/balagueraabogados.com\/wp-content\/uploads\/2025\/05\/vista-recortada-del-documento-de-lectura-de-mujeres-empresarias-300x300.jpg",300,300,true],"woocommerce_single":["https:\/\/balagueraabogados.com\/wp-content\/uploads\/2025\/05\/vista-recortada-del-documento-de-lectura-de-mujeres-empresarias-600x400.jpg",600,400,true],"woocommerce_gallery_thumbnail":["https:\/\/balagueraabogados.com\/wp-content\/uploads\/2025\/05\/vista-recortada-del-documento-de-lectura-de-mujeres-empresarias-100x100.jpg",100,100,true]},"rttpg_author":{"display_name":"edgar.balaguera","author_link":"https:\/\/balagueraabogados.com\/index.php\/author\/edgar-balaguera\/"},"rttpg_comment":0,"rttpg_category":"<a href=\"https:\/\/balagueraabogados.com\/index.php\/category\/articulos\/\" rel=\"category tag\">articulos<\/a>","rttpg_excerpt":"\u00bfDe qu\u00e9 forma la legislaci\u00f3n actual en Colombia, permite el desarrollo de modelos econ\u00f3micos basados en la gesti\u00f3n del conocimiento? Actualmente la ciencia, tecnolog\u00eda e innovaci\u00f3n son factores necesarios y fundamentales para el crecimiento y desarrollo econ\u00f3mico en un pa\u00eds. Incluso, estos factores son determinantes para la participaci\u00f3n y competitividad en el mercado mundial.\u00a0 Con&hellip;","_links":{"self":[{"href":"https:\/\/balagueraabogados.com\/index.php\/wp-json\/wp\/v2\/posts\/87346","targetHints":{"allow":["GET"]}}],"collection":[{"href":"https:\/\/balagueraabogados.com\/index.php\/wp-json\/wp\/v2\/posts"}],"about":[{"href":"https:\/\/balagueraabogados.com\/index.php\/wp-json\/wp\/v2\/types\/post"}],"author":[{"embeddable":true,"href":"https:\/\/balagueraabogados.com\/index.php\/wp-json\/wp\/v2\/users\/1"}],"replies":[{"embeddable":true,"href":"https:\/\/balagueraabogados.com\/index.php\/wp-json\/wp\/v2\/comments?post=87346"}],"version-history":[{"count":10,"href":"https:\/\/balagueraabogados.com\/index.php\/wp-json\/wp\/v2\/posts\/87346\/revisions"}],"predecessor-version":[{"id":89199,"href":"https:\/\/balagueraabogados.com\/index.php\/wp-json\/wp\/v2\/posts\/87346\/revisions\/89199"}],"wp:featuredmedia":[{"embeddable":true,"href":"https:\/\/balagueraabogados.com\/index.php\/wp-json\/wp\/v2\/media\/87741"}],"wp:attachment":[{"href":"https:\/\/balagueraabogados.com\/index.php\/wp-json\/wp\/v2\/media?parent=87346"}],"wp:term":[{"taxonomy":"category","embeddable":true,"href":"https:\/\/balagueraabogados.com\/index.php\/wp-json\/wp\/v2\/categories?post=87346"},{"taxonomy":"post_tag","embeddable":true,"href":"https:\/\/balagueraabogados.com\/index.php\/wp-json\/wp\/v2\/tags?post=87346"}],"curies":[{"name":"wp","href":"https:\/\/api.w.org\/{rel}","templated":true}]}}